{"id":23831,"date":"2022-10-20T20:13:33","date_gmt":"2022-10-21T03:13:33","guid":{"rendered":"https:\/\/occupysf.net\/?p=23831"},"modified":"2022-10-20T20:13:43","modified_gmt":"2022-10-21T03:13:43","slug":"sf-berniecrats-endorsements-november-2022","status":"publish","type":"post","link":"https:\/\/occupysf.net\/index.php\/2022\/10\/20\/sf-berniecrats-endorsements-november-2022\/","title":{"rendered":"SF Berniecrats Endorsements November 2022"},"content":{"rendered":"\n<ul><li><a href=\"https:\/\/sfberniecrats.com\/november-2022-endorsements\/\">November 2022 Endorsements<\/a><\/li><li>August 25, 2022<\/li><li><strong>San Francisco General Election \u2013 November 8, 2022<\/strong><\/li><li>Thank you so much for your participation and involvement in our November 2022 endorsements process! We heard from a ton of incredible candidates during our August meeting and heard about their plans and priorities, and how they plan on fighting for progressive values across the City. After tallying the votes from our membership, here are our November 2022 Endorsements.\u00a0<em><strong>Scroll down for more info and <\/strong><\/em><\/li><li><em><strong>explanations!!<\/strong><\/em><img decoding=\"async\" loading=\"lazy\" width=\"475\" height=\"475\" srcset=\"https:\/\/sfberniecrats.com\/wp-content\/uploads\/2022\/09\/Nov22Endorsements1-1-1024x1024.jpg 1024w, https:\/\/sfberniecrats.com\/wp-content\/uploads\/2022\/09\/Nov22Endorsements1-1-300x300.jpg 300w, https:\/\/sfberniecrats.com\/wp-content\/uploads\/2022\/09\/Nov22Endorsements1-1-150x150.jpg 150w, https:\/\/sfberniecrats.com\/wp-content\/uploads\/2022\/09\/Nov22Endorsements1-1-768x768.jpg 768w, https:\/\/sfberniecrats.com\/wp-content\/uploads\/2022\/09\/Nov22Endorsements1-1-100x100.jpg 100w, https:\/\/sfberniecrats.com\/wp-content\/uploads\/2022\/09\/Nov22Endorsements1-1.jpg 1080w\" src=\"https:\/\/sfberniecrats.com\/wp-content\/uploads\/2022\/09\/Nov22Endorsements1-1-1024x1024.jpg\" alt=\"Nov 2022 Endorsements Image 1\"><\/li><li><img decoding=\"async\" loading=\"lazy\" width=\"479\" height=\"479\" srcset=\"https:\/\/sfberniecrats.com\/wp-content\/uploads\/2022\/09\/Nov22Endorsements2-1024x1024.jpg 1024w, https:\/\/sfberniecrats.com\/wp-content\/uploads\/2022\/09\/Nov22Endorsements2-300x300.jpg 300w, https:\/\/sfberniecrats.com\/wp-content\/uploads\/2022\/09\/Nov22Endorsements2-150x150.jpg 150w, https:\/\/sfberniecrats.com\/wp-content\/uploads\/2022\/09\/Nov22Endorsements2-768x768.jpg 768w, https:\/\/sfberniecrats.com\/wp-content\/uploads\/2022\/09\/Nov22Endorsements2-100x100.jpg 100w, https:\/\/sfberniecrats.com\/wp-content\/uploads\/2022\/09\/Nov22Endorsements2.jpg 1080w\" src=\"https:\/\/sfberniecrats.com\/wp-content\/uploads\/2022\/09\/Nov22Endorsements2-1024x1024.jpg\" alt=\"Nov 2022 Endorsements Image 2\"><img decoding=\"async\" loading=\"lazy\" width=\"481\" height=\"481\" srcset=\"https:\/\/sfberniecrats.com\/wp-content\/uploads\/2022\/09\/Nov22Endorsements3-1024x1024.jpg 1024w, https:\/\/sfberniecrats.com\/wp-content\/uploads\/2022\/09\/Nov22Endorsements3-300x300.jpg 300w, https:\/\/sfberniecrats.com\/wp-content\/uploads\/2022\/09\/Nov22Endorsements3-150x150.jpg 150w, https:\/\/sfberniecrats.com\/wp-content\/uploads\/2022\/09\/Nov22Endorsements3-768x768.jpg 768w, https:\/\/sfberniecrats.com\/wp-content\/uploads\/2022\/09\/Nov22Endorsements3-100x100.jpg 100w, https:\/\/sfberniecrats.com\/wp-content\/uploads\/2022\/09\/Nov22Endorsements3.jpg 1080w\" src=\"https:\/\/sfberniecrats.com\/wp-content\/uploads\/2022\/09\/Nov22Endorsements3-1024x1024.jpg\" alt=\"Nov 2022 Endorsements Image 3\"><\/li><li><strong>More details and explanations about our positions:<\/strong>\u27a8\u00a0<strong>Local Ballot Measures<\/strong>\u00a0\/ \u4e09\u85e9\u5e02\u5e02\u7e23\u63d0\u6848 \/\u00a0<em>Medidas electorales locales<\/em>:Measure A \u2013 YES &#x2705;This measure assures that the very small group of SF retired employees who retired before November 1996 \u2014 most of whom are in their nineties now \u2014 get the Cost of Living Adjustment they\u2019re contractually owed.<strong>\u8d0a\u6210\u3002<\/strong>\u9000\u4f11\u516c\u52d9\u54e1\u61c9\u7372\u5f97\u5408\u540c\u898f\u5b9a\u7684\u751f\u6d3b\u6210\u672c\u8abf\u6574\u3002<em><strong>S\u00ed.<\/strong>\u00a0los jubilados deben recibir el ajuste al costo de vida que se les debe por contrato.<\/em>Measure B \u2013 No PositionThis measure repeals November 2020\u2019s Measure B which created a Department of Sanitation and divided the corrupt Department of Public Works responsibilities between the new department and the DPW. This new Measure B will also limit qualifications and duties of the oversight committee created by the 2020 Measure B. The major problem seems to be that the new Department has yet to be created.<strong>\u7121\u7acb\u5834 \u3002<\/strong>\u516c\u5171\u5de5\u7a0b\u90e8\u9580\u53ca\u885b\u751f\u548c\u8857\u9053\u90e8\u9580<em><strong>Sin posici\u00f3n.<\/strong><\/em>Measure C \u2013 No PositionThis Oversight of the Department of Homelessness is needed, but having an oversight committee which is dominated by mayoral appointments to oversee the Department which is already run by the Mayor\u2019s office is unlikely to address the need.<strong>\u7121\u7acb\u5834 \u3002<\/strong>\u6211\u5011\u9700\u8981\u52a0\u5f37\u5c0d\u5e02\u5e9c\u7121\u5bb6\u53ef\u6b78\u90e8\u9580\u7684\u76e3\u7763\uff0c\u4f46\u8b93\u5e02\u9577\u76e3\u7763\u81ea\u5df1\u7684\u90e8\u9580\u4e0d\u53ef\u884c\u3002<em><strong>Sin posici\u00f3n.<\/strong>\u00a0Si se necesita la supervisi\u00f3n del Departamento de Personas sin Hogar, pero hacer que el alcalde supervise su propio comit\u00e9 no funciona.<\/em>Measure D \u2013 HELL NO! &#x274c;This is a developer\/real-estate funded proposal which does nothing to address San Francisco\u2019s need for housing for low income and unhoused residents. It is not union\/family\/low-income friendly. If passed anything built will likely further the SF income divide.<strong>\u53cd\u5c0d!\u00a0<\/strong>\u9019\u5c07\u9ad8\u6536\u5165\u4eba\u7fa4\u7684\u66f4\u6602\u8cb4\u7684\u623f\u5c45\u91cd\u65b0\u5b9a\u7fa9\u70ba\u201c\u53ef\u8ca0\u64d4\u201d\u3002<strong>CLA<\/strong><em><strong>RO QUE NO!<\/strong>\u00a0Desarrollador\/financiado por bienes ra\u00edces, no apto para sindicatos\/familias\/personas de bajos ingresos.<\/em>Measure E \u2013 HELL YES!! &#x2705;This is a better solution to meet the housing needs. It will further construction of housing for families and for lower income San Franciscans. It will also assure that the jobs created by building such low-income family housing are union jobs.<strong>\u8d0a\u6210!<\/strong>\u00a0\u9019\u5c07\u5c0e\u81f4\u66f4\u591a\u771f\u6b63\u53ef\u8ca0\u64d4\u623f\u5c45\u3002<strong>\u00a1POR SUPUESTO QUE S\u00cd!\u00a0<\/strong>Apoya trabajos sindicales y viviendas para familias de bajos ingresos.Measure F \u2013 YES &#x2705;Not a new tax. Extends the property tax assessment until 2048, which is currently set to expire. The sole purpose of the assessment is the preservation of our public libraries.<strong>\u8d0a\u6210\u3002<\/strong>\u8b93\u6211\u5011\u4fdd\u8b77\u516c\u5171\u5716\u66f8\u9928\u3002<strong>S\u00ed.\u00a0<\/strong>No<strong>\u00a0<\/strong>es un nuevo impuesto: preservar\u00e1 nuestras bibliotecas<strong>\u00a0<\/strong>p\u00fablicas.Measure G \u2013 HELL YES!! &#x2705;All students in the SFUSD deserve success. This will help to ensure that San Francisco public funds support public school student achievement and receive needed social\/emotional wellness services.<strong>\u8d0a\u6210\u3002<\/strong>\u6211\u5011\u5728\u820a\u91d1\u5c71\u806f\u5408\u5b78\u5340\u7684\u5b78\u751f\u61c9\u8a72\u53d6\u5f97\u6210\u529f\u3002<strong>\u00a1POR SUPUESTO QUE SI!\u00a0<\/strong>Todos los estudiantes del SFUSD merecen tener \u00e9xito.Measure H \u2013 HELL YES!! &#x2705;Other cities have done similar moves of local elections to even-numbered years, which has resulted in far greater voter participation. It may also be a financial savings as the off-year, low turn-out election of the Mayor and other local offices would be consolidated with other high turn-out statewide and national elections.<strong>\u8d0a\u6210\u3002<\/strong>\u6211\u5011\u5e0c\u671b\u5728\u5076\u6578\u5e74\u8209\u884c\u57ce\u5e02\u9078\u8209\uff0c\u4ee5\u4fbf\u6709\u66f4\u591a\u7684\u9078\u6c11\u53c3\u8207\u3002<strong>\u00a1POR SUPUESTO QUE SI!\u00a0<\/strong>Elecciones de la ciudad en a\u00f1os pares = m\u00e1s participaci\u00f3n de votantes.Measure I \u2013 NO &#x274c;This ill-advised &amp; Trump donor-funded proposal will permanently reopen JFK Dr &amp; the Great Highway to dangerous pre-pandemic traffic. There is no guarantee that this measure would address accessibility concerns, and instead, it would increase emissions.<strong>\u53cd\u5c0d\u3002<\/strong>\u91d1\u9580\u516c\u5712\u548c\u9ad8\u901f\u516c\u8def\u80af\u5c3c\u8fea\u5927\u9053\u4e0a\u7684\u8eca\u8f1b\u3002<strong>No.\u00a0<\/strong>No queremos abrir permanentemente JFK Dr &amp; Great Highway al tr\u00e1fico peligroso previo a la pandemia.Measure J \u2013 No PositionThis measure incorporates the Board of Supervisors-instated closure of JFK Dr into the City Charter.<strong>\u7121\u7acb\u5834\u3002<\/strong>\u91d1\u9580\u516c\u5712\u80af\u5c3c\u8fea\u5927\u9053\u7684\u5a1b\u6a02\u7528\u9014\u3002<strong><em><strong>Sin posici\u00f3n.<\/strong><\/em><\/strong>Measure L \u2013 YES &#x2705;This measure extends existing taxation of certain businesses for transportation purposes (e.g. safe roads, pedestrian crossings) for an additional 30 years, which was originally implemented in 1989 and extended in 2003.<strong>\u8d0a\u6210\u3002<\/strong>\u904b\u8f38\u7576\u5c40\u7684\u92b7\u552e\u7a05\u3002<strong>S\u00ed.<\/strong>\u00a0Impuesto sobre Ventas para la Autoridad de TransporteMeasure M \u2013 HELL YES!! &#x2705;This proposes the taxation of units intentionally kept vacant by their owners for more than half the year. Funds from the tax will be used for low-income and elderly housing subsidies, and to acquire, rehabilitate, and then operate buildings as affordable housing. Let\u2019s tax those vacant units and fund much-needed affordable housing!<strong>\u975e\u5e38\u8d0a\u6210\uff01<\/strong>\u7a7a\u7f6e\u55ae\u4f4d\u61c9\u8a72\u662f\u7a05\u6536\u3002<strong>\u00a1POR SUPUESTO QUE SI!<\/strong>\u00a0Que se cobre impuestos a las unidades vacantes: \u00a1deber\u00edan estar ocupadas!Measure N \u2013 No PositionThis will transfer authority of Golden Gate Park underground parking from the Concourse Authority to the Recreation and Park Department. However, while it is a good idea to remove private control of the parking garage, this proposal fails to assure that Rec &amp; Park control will make the garage either affordable or accessible.<strong>\u7121\u7acb\u5834\u3002<\/strong>\u91d1\u9580\u516c\u5712\u5730\u4e0b\u505c\u8eca\u5834\u3002<strong>Sin Posici\u00f3n.\u00a0<\/strong>Poner el Estacionamiento Subterr\u00e1neo del Parque Golden Gate bajo Rec &amp; Park puede no hacerlo asequible o accesible.Measure O \u2013 HELL YES!! &#x2705;This is a minuscule parcel tax which would help fund City College. Let\u2019s save City College by approving this equitable parcel tax!<strong>\u975e\u5e38\u8d0a\u6210\uff01<\/strong>\u8b93\u6211\u5011\u901a\u904e\u984d\u5916\u7684\u5305\u88f9\u7a05\u4f86\u62ef\u6551\u57ce\u5e02\u5b78\u9662<strong>\uff01\u00a1POR SUPUESTO QUE SI!<\/strong>\u00a0\u00a1Salvemos a City College a trav\u00e9s de un min\u00fasculo impuesto a la propiedad!\u27a8\u00a0<strong>Local Candidates<\/strong>\u00a0\/ \u4e09\u85e9\u5e02\u5e02\u7e23 \/ Candidatos Locales:BOARD OF SUPERVISORS \/ \u4e09\u85e9\u5e02\u5e02\u8b70\u6703 \/\u00a0<em>JUNTA DE SUPERVISORES<\/em>:<strong>District 2:\u00a0<\/strong>No Endorsement \/ \u7121\u80cc\u66f8 \/\u00a0<em>Sin apoyo.<\/em><br><strong>District 4:\u00a0<\/strong><a href=\"https:\/\/www.gordonmar.com\/\">Gordon Mar<\/a>\u00a0<strong><a rel=\"noreferrer noopener\" href=\"https:\/\/www.gordonmar.com\/\" target=\"_blank\">\u99ac\u5146\u660e<\/a><\/strong><br><strong>District 6:\u00a0<\/strong><a href=\"https:\/\/www.honeymahogany.com\/\">Honey Mahogany<\/a>\u00a0<strong><a rel=\"noreferrer noopener\" href=\"https:\/\/www.honeymahogany.com\/\" target=\"_blank\">\u970d\u5c3c\u2027\u83ab\u8c6a\u683c\u5c3c<\/a><\/strong><br><strong>District 8:<\/strong>\u00a0<em>Recommend*<\/em>\u00a0<strong>Rafael<\/strong>\u00a0<strong>Mandelman<\/strong>\u00a0\u5efa\u8b70*\u00a0<strong>\u5b5f\u9054\u6587<\/strong><br><strong>District 10:\u00a0<\/strong><a href=\"https:\/\/shamannwalton.com\/\">Shamann Walton<\/a>\u00a0<strong><a href=\"https:\/\/shamannwalton.com\/\">\u83ef\u980c<\/a><a rel=\"noreferrer noopener\" href=\"https:\/\/shamannwalton.com\/\" target=\"_blank\">\u5584<\/a><\/strong>BOARD OF EDUCATION \/ \u6559\u80b2\u59d4\u54e1\u6703\u6210\u54e1 \/\u00a0<em>JUNTA ESCOLAR<\/em>:<strong>Alida Fisher<\/strong>\u00a0\u963f\u8389\u9054\u2027\u6590\u7fa9\u838e<br><strong>Gabriela Lopez\u00a0<\/strong>\u76e7\u4f69\u601d<br><strong>Karen Fleshman<\/strong>\u00a0\u51f1\u502b\u2027\u8cbb\u96ea\u66fcCITY COLLEGE OF SAN FRANCISCO (CCSF) \/ \u793e\u5340\u5927\u5b78\u8463\u4e8b\u6703\u6210\u54e1 \/\u00a0<em>COLEGIO COMUNITARIO<\/em>:<strong>Anita Martinez<\/strong>\u00a0\u5b89\u59ae\u5854\u2027\u99ac\u4e01\u5167\u8332<br><strong>Vick Chung<\/strong>\u00a0\u937e\u66c9\u96f2<br><strong>Susan Solomon<\/strong>\u00a0\u8607\u73ca\u2027\u838e\u6d1b\u6587CITY COLLEGE OF SAN FRANCISCO (CCSF) \u2013 2YR TERM \/ \u793e\u5340\u5927\u5b78\u8463\u4e8b\u6703\u6210\u54e1(2\u5e74) \/ COLEGIO COMUNITARIO \u2013 2 A\u00d1OS:<strong>Adolfo Velasquez<\/strong>ASSESSOR-RECORDER \/\/\u00a0<em>ASSESOR-REGISTRADOR<\/em>:No Endorsement. \/ \u7121\u80cc\u66f8 \/\u00a0<em>Sin apoyo.<\/em>DISTRICT ATTORNEY \/ \u5730\u65b9\u6aa2\u5bdf\u5b98 \/\u00a0<em>FISCAL DEL DISTRITO<\/em>:<strong><a rel=\"noreferrer noopener\" href=\"https:\/\/hamasakiforda.com\/\" target=\"_blank\">John Hamasaki<\/a><\/strong>\u00a0\u6ff1\u5d0ePUBLIC DEFENDER \/ \u516c\u5171\u8faf\u8b77\u5f8b\u5e2b \/\u00a0<em>DEFENDOR PUBLICO<\/em>:<strong>Mano Raju<\/strong>\u00a0\u529b\u5132\u6587BART BOARD, DISTRICT 8 \/ \u7063\u5340\u6377\u904b\u8463\u4e8b\u7b2c8\u9078\u5340 \/<em>\u00a0BART, DISTRITO 8<\/em>:<strong>Janice Li<\/strong>\u00a0\u674e\u6b63\u5143Read the\u00a0<a href=\"https:\/\/sfberniecrats.com\/candidate-questionnaires-november-2022-election\/\">responses to our candidate questionnaires<\/a>\u00a0that were used in our deliberations.\u2013<em>* Recommend :\u00a0\u00a0We recommend, but don\u2019t fully endorse.<\/em>\u00a0\/ \u5efa\u8b70: \u4e0d\u7b49\u65bc\u80cc\u66f8 \/ Recomendamos, pero no apoyamos completamente.<\/li><\/ul>\n","protected":false},"excerpt":{"rendered":"<p>November 2022 Endorsements August 25, 2022 San Francisco General Election \u2013 November 8, 2022 Thank you so much for your participation and involvement in our November 2022 endorsements process! We heard from a ton of incredible candidates during our August meeting and heard about their plans and priorities, and how&#8230; <a class=\"continue-reading-link\" href=\"https:\/\/occupysf.net\/index.php\/2022\/10\/20\/sf-berniecrats-endorsements-november-2022\/\"> Continue reading <span class=\"meta-nav\">&rarr; <\/span><\/a><\/p>\n","protected":false},"author":1,"featured_media":0,"comment_status":"open","ping_status":"open","sticky":false,"template":"","format":"standard","meta":{"footnotes":""},"categories":[1],"tags":[],"_links":{"self":[{"href":"https:\/\/occupysf.net\/index.php\/wp-json\/wp\/v2\/posts\/23831"}],"collection":[{"href":"https:\/\/occupysf.net\/index.php\/wp-json\/wp\/v2\/posts"}],"about":[{"href":"https:\/\/occupysf.net\/index.php\/wp-json\/wp\/v2\/types\/post"}],"author":[{"embeddable":true,"href":"https:\/\/occupysf.net\/index.php\/wp-json\/wp\/v2\/users\/1"}],"replies":[{"embeddable":true,"href":"https:\/\/occupysf.net\/index.php\/wp-json\/wp\/v2\/comments?post=23831"}],"version-history":[{"count":2,"href":"https:\/\/occupysf.net\/index.php\/wp-json\/wp\/v2\/posts\/23831\/revisions"}],"predecessor-version":[{"id":23833,"href":"https:\/\/occupysf.net\/index.php\/wp-json\/wp\/v2\/posts\/23831\/revisions\/23833"}],"wp:attachment":[{"href":"https:\/\/occupysf.net\/index.php\/wp-json\/wp\/v2\/media?parent=23831"}],"wp:term":[{"taxonomy":"category","embeddable":true,"href":"https:\/\/occupysf.net\/index.php\/wp-json\/wp\/v2\/categories?post=23831"},{"taxonomy":"post_tag","embeddable":true,"href":"https:\/\/occupysf.net\/index.php\/wp-json\/wp\/v2\/tags?post=23831"}],"curies":[{"name":"wp","href":"https:\/\/api.w.org\/{rel}","templated":true}]}}